{"id":363,"date":"2026-03-18T12:07:51","date_gmt":"2026-03-18T11:07:51","guid":{"rendered":"https:\/\/www.felkeverein.de\/?p=363"},"modified":"2026-03-18T12:10:24","modified_gmt":"2026-03-18T11:10:24","slug":"folgende-termine-fuer-2026-sind-vorgesehen-und-in-der-planung","status":"publish","type":"post","link":"https:\/\/www.felkeverein.de\/index.php\/2026\/03\/18\/folgende-termine-fuer-2026-sind-vorgesehen-und-in-der-planung\/","title":{"rendered":"Folgende Termine f\u00fcr 2026 sind vorgesehen und in der Planung:"},"content":{"rendered":"<p><strong>Mittwoch, 22. April 2026<\/strong><\/p>\n<p>17 Uhr\u00a0 &#8211; \u00a0Jahreshauptversammlung in der \u201eLinde\u201c in Moers-Repelen<\/p>\n<p><strong>Freitag, 01.Mai 2026<\/strong><\/p>\n<p>Er\u00f6ffnung des Barfu\u00dfpfades mit Maibaumaufstellung<\/p>\n<p>Am Stand vom Felke-Verein werden Waffeln gebacken<\/p>\n<p><strong>Montag, 25. Mai 2026, 2.Pfingsttag<\/strong><\/p>\n<p>Nach dem \u00f6kumenischen Gottesdienst Kaffee und Kuchen am Museum<\/p>\n<p><strong>Freitag 03.06. &#8211; Sonntag 05.06.2026<\/strong><\/p>\n<p>Dorffest in Repelen<\/p>\n<p><strong>Sonntag, 13. September 2026<\/strong><\/p>\n<p>Internationaler Denkmaltag im Jungbornpark am Friedhelm-Wittfeld-Musikpavillon<\/p>\n<p>11 Uhr Gottesdienst<\/p>\n<p>Es geht weiter am Felke-Museum mit Essen und Trinken<\/p>\n<p><strong>Samstag, 29. November 2025\u00a0\u00a0<\/strong><\/p>\n<p>Weihnachtsmarkt im Jungbornpark<\/p>\n<p><strong>November 2026<\/strong><\/p>\n<p>November &#8211; Martinsgans-Essen in der \u201eLinde\u201c<\/p>\n<p>Der Termin wird rechtzeitig bekannt gegeben<\/p>\n<p><strong>Samstag, 28. November 2026<\/strong><\/p>\n<p>Weihnachtsmarkt im Jungbornpark<\/p>\n<p><strong>Samstag, 06. Dezember 2026<\/strong><\/p>\n<p>17.00-18.00 Uhr:<br \/>\nBl\u00e4ser des Posaunenchores Repelen gr\u00fc\u00dfen vom Turm der<br \/>\nDorfkirche, unten gibt es wieder unseren hausgemachten Gl\u00fchwein,Schmalzschnittchen und Pastor-Felke-Knusperpl\u00e4tzchen<\/p>\n<p><strong>Samstag, 12. Dezember 2026<\/strong><\/p>\n<p>17.00-18.00 Uhr:<br \/>\nBl\u00e4ser des Posaunenchores Repelen gr\u00fc\u00dfen vom Turm der<br \/>\nDorfkirche, unten gibt es wieder unseren hausgemachten Gl\u00fchwein ,Schmalzschnittchen und Pastor-Felke-Knusperpl\u00e4tzchen<\/p>\n<p><strong>Samstag, 19. Dezember 2025<\/strong><\/p>\n<p>17.00-18.00 Uhr:<br \/>\nBl\u00e4ser des Posaunenchores Repelen gr\u00fc\u00dfen vom Turm der<br \/>\nDorfkirche, unten gibt es wieder unseren hausgemachten Gl\u00fchwein ,Schmalzschnittchen und Pastor-Felke-Knusperpl\u00e4tzchen<\/p>\n<p>&nbsp;<\/p>\n<p>&nbsp;<\/p>\n","protected":false},"excerpt":{"rendered":"<p><strong>Mittwoch, 22. April 2026<\/strong><\/p>\n<p>17 Uhr\u00a0 &#8211; \u00a0Jahreshauptversammlung in der \u201eLinde\u201c in Moers-Repelen<\/p>\n<p><strong>Freitag, 01.Mai 2026<\/strong><\/p>\n<p>Er\u00f6ffnung des Barfu\u00dfpfades mit Maibaumaufstellung<\/p>\n<p>Am Stand vom Felke-Verein werden Waffeln gebacken <a href=\"https:\/\/www.felkeverein.de\/index.php\/2026\/03\/18\/folgende-termine-fuer-2026-sind-vorgesehen-und-in-der-planung\/\">mehr lesen<\/a><\/p>\n","protected":false},"author":1,"featured_media":94,"comment_status":"open","ping_status":"open","sticky":false,"template":"","format":"standard","meta":{"inline_featured_image":false},"categories":[1],"tags":[],"_links":{"self":[{"href":"https:\/\/www.felkeverein.de\/index.php\/wp-json\/wp\/v2\/posts\/363"}],"collection":[{"href":"https:\/\/www.felkeverein.de\/index.php\/wp-json\/wp\/v2\/posts"}],"about":[{"href":"https:\/\/www.felkeverein.de\/index.php\/wp-json\/wp\/v2\/types\/post"}],"author":[{"embeddable":true,"href":"https:\/\/www.felkeverein.de\/index.php\/wp-json\/wp\/v2\/users\/1"}],"replies":[{"embeddable":true,"href":"https:\/\/www.felkeverein.de\/index.php\/wp-json\/wp\/v2\/comments?post=363"}],"version-history":[{"count":2,"href":"https:\/\/www.felkeverein.de\/index.php\/wp-json\/wp\/v2\/posts\/363\/revisions"}],"predecessor-version":[{"id":365,"href":"https:\/\/www.felkeverein.de\/index.php\/wp-json\/wp\/v2\/posts\/363\/revisions\/365"}],"wp:featuredmedia":[{"embeddable":true,"href":"https:\/\/www.felkeverein.de\/index.php\/wp-json\/wp\/v2\/media\/94"}],"wp:attachment":[{"href":"https:\/\/www.felkeverein.de\/index.php\/wp-json\/wp\/v2\/media?parent=363"}],"wp:term":[{"taxonomy":"category","embeddable":true,"href":"https:\/\/www.felkeverein.de\/index.php\/wp-json\/wp\/v2\/categories?post=363"},{"taxonomy":"post_tag","embeddable":true,"href":"https:\/\/www.felkeverein.de\/index.php\/wp-json\/wp\/v2\/tags?post=363"}],"curies":[{"name":"wp","href":"https:\/\/api.w.org\/{rel}","templated":true}]}}