{"id":307,"date":"2022-04-04T11:54:43","date_gmt":"2022-04-04T09:54:43","guid":{"rendered":"https:\/\/www.felkeverein.de\/?p=307"},"modified":"2022-04-04T11:55:44","modified_gmt":"2022-04-04T09:55:44","slug":"folgende-termine-fuer-2022-sind-vorgesehen-und-in-der-planung","status":"publish","type":"post","link":"https:\/\/www.felkeverein.de\/index.php\/2022\/04\/04\/folgende-termine-fuer-2022-sind-vorgesehen-und-in-der-planung\/","title":{"rendered":"Folgende Termine f\u00fcr 2022 sind vorgesehen und in der Planung:"},"content":{"rendered":"<p><strong>Sonntag, 24. April<\/strong><br \/>\nRepelen aktiv er\u00f6ffnet um 11 Uhr den Barfu\u00dfpfad und setzt ab 12:30 Uhr auf dem<br \/>\nGel\u00e4nde am Tennisclub einen Maibaum.<br \/>\nF\u00fcr viel Musik, Essen und Trinken vor dem Tennisplatz ist wie immer gesorgt.<br \/>\nDas Museum ist ge\u00f6ffnet<\/p>\n<p>Am <strong>Sonntag, 15. Mai<\/strong> gibt es wieder den Intern. Museumstag, Motto f\u00fcr 2022:<br \/>\n\u201eMuseen mit Freude entdecken\u201c. Wir freuen uns schon jetzt auf interessierte Besucher.<\/p>\n<p>Mitgliederversammlung: <strong>Mittwoch, den 01. Juni 2022 in der Linde.<\/strong><br \/>\n<em>Interessierte G\u00e4ste sind willkommen<\/em><\/p>\n<p>Coronabedingt gab es leider seit 2 Jahren kein Dorffest. Doch in diesem Jahr soll es vom<br \/>\n<strong>12. \u2013 14. August<\/strong> stattfinden.<\/p>\n<p>Wie jedes Jahr gibt es auch einen <strong>Intern. Denkmaltag im Jungbornpark.<\/strong><br \/>\nThema f\u00fcr 2022: \u201eKulturSpur\u201c.<br \/>\nTermin <strong>Sonntag, 11.09.,<\/strong> mit Gottesdienst, Musik etc. am Musikpavillon.<\/p>\n<p>Im November freuen wir uns auf das Martinsgans-Essen in der\u201c Linde\u201c:<br \/>\nTermin: <strong>Samstag, 05. November<\/strong><br \/>\n<em>G\u00e4ste sind willkommen<\/em><\/p>\n<p>Es wird auch wieder den beliebten Weihnachtsmarkt von Repelen aktiv geben.<br \/>\nTermin: <strong>Samstag, 26. November.<\/strong><\/p>\n<p>Weihnachtsfeier <strong>Mittwoch, den 14. Dezember in der \u201eLinde\u201c,<br \/>\n<\/strong><em>G\u00e4ste sind willkommen.<\/em><\/p>\n<p>Die Bl\u00e4ser des Posaunenchores gr\u00fc\u00dfen seit vielen Jahren vom Turm der Dorfkirche Repelen mit weihnachtlichen Kl\u00e4ngen und wir bieten gerne unseren hausgemachten Gl\u00fchwein an.<br \/>\nTermine: <strong>03., 10., 17. Dezember.<\/strong><\/p>\n","protected":false},"excerpt":{"rendered":"<p><strong>Sonntag, 24. April<\/strong><br \/>\nRepelen aktiv er\u00f6ffnet um 11 Uhr den Barfu\u00dfpfad und setzt ab 12:30 Uhr auf dem Gel\u00e4nde am Tennisclub einen Maibaum. F\u00fcr viel Musik, Essen und Trinken vor dem Tennisplatz ist wie immer gesorgt.<br \/>\n<em>Das Museum ist ge\u00f6ffnet<\/em> <a href=\"https:\/\/www.felkeverein.de\/index.php\/2022\/04\/04\/folgende-termine-fuer-2022-sind-vorgesehen-und-in-der-planung\/\">mehr lesen<\/a><\/p>\n","protected":false},"author":1,"featured_media":94,"comment_status":"open","ping_status":"open","sticky":false,"template":"","format":"standard","meta":{"inline_featured_image":false},"categories":[1],"tags":[],"_links":{"self":[{"href":"https:\/\/www.felkeverein.de\/index.php\/wp-json\/wp\/v2\/posts\/307"}],"collection":[{"href":"https:\/\/www.felkeverein.de\/index.php\/wp-json\/wp\/v2\/posts"}],"about":[{"href":"https:\/\/www.felkeverein.de\/index.php\/wp-json\/wp\/v2\/types\/post"}],"author":[{"embeddable":true,"href":"https:\/\/www.felkeverein.de\/index.php\/wp-json\/wp\/v2\/users\/1"}],"replies":[{"embeddable":true,"href":"https:\/\/www.felkeverein.de\/index.php\/wp-json\/wp\/v2\/comments?post=307"}],"version-history":[{"count":3,"href":"https:\/\/www.felkeverein.de\/index.php\/wp-json\/wp\/v2\/posts\/307\/revisions"}],"predecessor-version":[{"id":310,"href":"https:\/\/www.felkeverein.de\/index.php\/wp-json\/wp\/v2\/posts\/307\/revisions\/310"}],"wp:featuredmedia":[{"embeddable":true,"href":"https:\/\/www.felkeverein.de\/index.php\/wp-json\/wp\/v2\/media\/94"}],"wp:attachment":[{"href":"https:\/\/www.felkeverein.de\/index.php\/wp-json\/wp\/v2\/media?parent=307"}],"wp:term":[{"taxonomy":"category","embeddable":true,"href":"https:\/\/www.felkeverein.de\/index.php\/wp-json\/wp\/v2\/categories?post=307"},{"taxonomy":"post_tag","embeddable":true,"href":"https:\/\/www.felkeverein.de\/index.php\/wp-json\/wp\/v2\/tags?post=307"}],"curies":[{"name":"wp","href":"https:\/\/api.w.org\/{rel}","templated":true}]}}